{"id":33541,"date":"2025-07-27T10:29:29","date_gmt":"2025-07-27T08:29:29","guid":{"rendered":"https:\/\/mobilet.eu\/pl\/?p=33541"},"modified":"2025-08-08T08:03:17","modified_gmt":"2025-08-08T06:03:17","slug":"gdzie-w-gory-latem-1","status":"publish","type":"post","link":"https:\/\/mobilet.eu\/pl\/blog\/gdzie-w-gory-latem-1\/","title":{"rendered":"Gdzie w g\u00f3ry latem? Mobilet sprawdza &#8211; odc.1"},"content":{"rendered":"\n<p class=\"wp-block-paragraph\"><strong>Wakacje na p\u00f3\u0142metku i weszli\u015bmy ju\u017c <a href=\"https:\/\/kobieta.gazeta.pl\/kobieta\/7%2C107881%2C32129016%2Cto-bedzie-najbardziej-oblegany-weekend-wakacji-2025-noclegow.html?utm_source=chatgpt.com\" target=\"_blank\" rel=\"noreferrer noopener nofollow\">w okres szczytu urlopowego<\/a>. Kapry\u015bna pogoda w lipcu zaskoczy\u0142a wypoczywaj\u0105cych, zw\u0142aszcza nad Ba\u0142tykiem. <strong>Mo\u017ce wi\u0119c &#8211; dla odmiany &#8211; latem w g\u00f3ry? <\/strong>Je\u015bli wierzy\u0107 prognozom, kolejny miesi\u0105c powinien przynie\u015b\u0107 spokojniejsz\u0105 aur\u0119. Postanowili\u015bmy sprawdzi\u0107 dla Was co ciekawsze, urlopowe miejsca w polskich g\u00f3rach. Pod lup\u0119 bierzemy dzi\u015b Tatry i Karkonosze. Przy okazji dowiecie si\u0119, gdzie mo\u017cna korzysta\u0107 z aplikacji Mobilet.<\/strong><\/p>\n\n\n\n<figure class=\"wp-block-gallery has-nested-images columns-default is-cropped wp-block-gallery-1 is-layout-flex wp-block-gallery-is-layout-flex\">\n<figure class=\"wp-block-image size-large\"><img loading=\"lazy\" decoding=\"async\" width=\"1024\" height=\"768\" data-id=\"33791\" src=\"https:\/\/mobilet.eu\/pl\/wp-content\/uploads\/sites\/6\/2025\/07\/tatry-siklawa-1024x768.jpg\" alt=\"Wodospad Siklawa w Tatrach\" class=\"wp-image-33791\" srcset=\"https:\/\/mobilet.eu\/pl\/wp-content\/uploads\/sites\/6\/2025\/07\/tatry-siklawa-1024x768.jpg 1024w, https:\/\/mobilet.eu\/pl\/wp-content\/uploads\/sites\/6\/2025\/07\/tatry-siklawa-300x225.jpg 300w, https:\/\/mobilet.eu\/pl\/wp-content\/uploads\/sites\/6\/2025\/07\/tatry-siklawa-768x576.jpg 768w, https:\/\/mobilet.eu\/pl\/wp-content\/uploads\/sites\/6\/2025\/07\/tatry-siklawa-800x600.jpg 800w, https:\/\/mobilet.eu\/pl\/wp-content\/uploads\/sites\/6\/2025\/07\/tatry-siklawa.jpg 1920w\" sizes=\"auto, (max-width: 1024px) 100vw, 1024px\" \/><figcaption class=\"wp-element-caption\">Tatrza\u0144ski Wodospad Siklawa spada z wysoko\u015bci 70 metr\u00f3w<\/figcaption><\/figure>\n\n\n\n<figure class=\"wp-block-image size-large\"><img loading=\"lazy\" decoding=\"async\" width=\"1024\" height=\"683\" data-id=\"33790\" src=\"https:\/\/mobilet.eu\/pl\/wp-content\/uploads\/sites\/6\/2025\/07\/karkonosze-sniezka-1024x683.jpg\" alt=\"Tury\u015bci zmierzaj\u0105cy na \u015anie\u017ck\u0119\" class=\"wp-image-33790\" srcset=\"https:\/\/mobilet.eu\/pl\/wp-content\/uploads\/sites\/6\/2025\/07\/karkonosze-sniezka-1024x683.jpg 1024w, https:\/\/mobilet.eu\/pl\/wp-content\/uploads\/sites\/6\/2025\/07\/karkonosze-sniezka-300x200.jpg 300w, https:\/\/mobilet.eu\/pl\/wp-content\/uploads\/sites\/6\/2025\/07\/karkonosze-sniezka-768x512.jpg 768w, https:\/\/mobilet.eu\/pl\/wp-content\/uploads\/sites\/6\/2025\/07\/karkonosze-sniezka-800x533.jpg 800w, https:\/\/mobilet.eu\/pl\/wp-content\/uploads\/sites\/6\/2025\/07\/karkonosze-sniezka.jpg 1920w\" sizes=\"auto, (max-width: 1024px) 100vw, 1024px\" \/><figcaption class=\"wp-element-caption\">Szlak na \u015anie\u017ck\u0119 prowadzi g\u0142\u00f3wnym grzbietem Karkonoszy<\/figcaption><\/figure>\n<\/figure>\n\n\n\n<h2 class=\"wp-block-heading\">Tatry i Zakopane &#8211; g\u00f3rskie &#8222;naj&#8221;<\/h2>\n\n\n\n<p class=\"wp-block-paragraph\">To bez w\u0105tpienia najbardziej znane polskie pasmo g\u00f3rskie i jego najpopularniejsza miejscowo\u015b\u0107 wypoczynkowa. Pod wzgl\u0119dem obszaru g\u00f3ry stosunkowo niewielkie, ale jednocze\u015bnie najwy\u017csze i chyba najbardziej spektakularne. Opr\u00f3cz przepi\u0119knych widok\u00f3w Tatry oferuj\u0105 mn\u00f3stwo szlak\u00f3w o r\u00f3\u017cnym stopniu trudno\u015bci. Na turyst\u00f3w czekaj\u0105 tu sk\u0105pane w zieleni wierchy, skaliste turnie, doliny wyrze\u017abione przez bystre potoki oraz jeziora i wodospady. Nic wi\u0119c dziwnego, \u017ce latem na niekt\u00f3rych szlakach panuje spory ruch.<br>O tatrza\u0144skiej &#8222;stolicy&#8221; <a href=\"https:\/\/mobilet.eu\/pl\/blog\/platne-parkingi-w-zakopanem-juz-z-mobiletem\/\">pisali\u015bmy ju\u017c na pocz\u0105tku czerwca<\/a>, przy okazji uruchomienia aplikacji <a href=\"https:\/\/mobilet.eu\/pl\/pobierz\/\">Mobilet<\/a> w <strong>Strefie P\u0142atnego Parkowania w Zakopanem<\/strong>. Pora na praktyczne rady dla urlopowicz\u00f3w.<\/p>\n\n\n\n<h3 class=\"wp-block-heading\">Najlepszy moment<\/h3>\n\n\n\n<p class=\"wp-block-paragraph\"> Sierpie\u0144 uznawany jest za jeden z lepszych miesi\u0119cy na wypoczynek w Tatrach. Dni s\u0105 jeszcze do\u015b\u0107 d\u0142ugie i pozwalaj\u0105 na spokojne g\u00f3rskie w\u0119dr\u00f3wki, a pogoda zwykle bywa bardziej s\u0142oneczna ni\u017c w lipcu. A wi\u0119c, Zakopane!<\/p>\n\n\n\n<h3 class=\"wp-block-heading\">Nie tylko Morskie Oko<\/h3>\n\n\n\n<p class=\"wp-block-paragraph\">Pierwsze skojarzenie z <a href=\"https:\/\/mobilet.eu\/pl\/miasta\/zakopane\/\">Zakopanem<\/a> to <strong>Krup\u00f3wki<\/strong> &#8211; deptak na kt\u00f3rym znajdziecie prawie wszystko, ale skoro jeste\u015bcie w g\u00f3rach, to koniecznie wybierzcie si\u0119 na szlak. <strong>Morskie Oko<\/strong>? Dlaczego nie! Malowniczo po\u0142o\u017cone jezioro s\u0142ynie z urody&#8230;i odwiedzaj\u0105cych je t\u0142um\u00f3w, dlatego radzimy: wybierzcie si\u0119 tam <strong>wcze\u015bnie rano<\/strong>. Do <a href=\"https:\/\/maps.app.goo.gl\/HnUjZJG88ugn5CaR8\" target=\"_blank\" rel=\"noreferrer noopener nofollow\">Palenicy Bia\u0142cza\u0144skiej<\/a> dojedziecie z Zakopanego busem albo w\u0142asnym autem. Pami\u0119tajcie jednak, \u017ce w sezonie nale\u017cy z wyprzedzeniem &#8211; co najmniej dzie\u0144 wcze\u015bniej &#8211; kupi\u0107 bilet na parking na stronie <a href=\"https:\/\/tpn.gov.pl\/bilety?dl-open=transport\" target=\"_blank\" rel=\"noreferrer noopener nofollow\">Tatrza\u0144skiego Parku Narodowego<\/a>. Uwaga &#8211; z parkingu czeka was jeszcze 8 km marszu w jedn\u0105 stron\u0119 \ud83d\ude09<\/p>\n\n\n\n<figure class=\"wp-block-gallery has-nested-images columns-default is-cropped wp-block-gallery-2 is-layout-flex wp-block-gallery-is-layout-flex\">\n<figure class=\"wp-block-image size-large\"><img loading=\"lazy\" decoding=\"async\" width=\"1024\" height=\"768\" data-id=\"33809\" src=\"https:\/\/mobilet.eu\/pl\/wp-content\/uploads\/sites\/6\/2025\/07\/tatry-morskie-oko-1024x768.jpg\" alt=\"Widok na Morskie Oko i Rysy\" class=\"wp-image-33809\" srcset=\"https:\/\/mobilet.eu\/pl\/wp-content\/uploads\/sites\/6\/2025\/07\/tatry-morskie-oko-1024x768.jpg 1024w, https:\/\/mobilet.eu\/pl\/wp-content\/uploads\/sites\/6\/2025\/07\/tatry-morskie-oko-300x225.jpg 300w, https:\/\/mobilet.eu\/pl\/wp-content\/uploads\/sites\/6\/2025\/07\/tatry-morskie-oko-768x576.jpg 768w, https:\/\/mobilet.eu\/pl\/wp-content\/uploads\/sites\/6\/2025\/07\/tatry-morskie-oko-800x600.jpg 800w, https:\/\/mobilet.eu\/pl\/wp-content\/uploads\/sites\/6\/2025\/07\/tatry-morskie-oko.jpg 1920w\" sizes=\"auto, (max-width: 1024px) 100vw, 1024px\" \/><figcaption class=\"wp-element-caption\">Dla takich widok\u00f3w warto wybra\u0107 si\u0119 nieco dalej i wy\u017cej ni\u017c nad samo Morskie Oko&#8230;<\/figcaption><\/figure>\n\n\n\n<figure class=\"wp-block-image size-large\"><img loading=\"lazy\" decoding=\"async\" width=\"1024\" height=\"768\" data-id=\"33810\" src=\"https:\/\/mobilet.eu\/pl\/wp-content\/uploads\/sites\/6\/2025\/07\/tatry-czarny-staw-1024x768.jpg\" alt=\"wysokog\u00f3rskie otoczenie Czarnego Stawu G\u0105sienicowego\" class=\"wp-image-33810\" srcset=\"https:\/\/mobilet.eu\/pl\/wp-content\/uploads\/sites\/6\/2025\/07\/tatry-czarny-staw-1024x768.jpg 1024w, https:\/\/mobilet.eu\/pl\/wp-content\/uploads\/sites\/6\/2025\/07\/tatry-czarny-staw-300x225.jpg 300w, https:\/\/mobilet.eu\/pl\/wp-content\/uploads\/sites\/6\/2025\/07\/tatry-czarny-staw-768x576.jpg 768w, https:\/\/mobilet.eu\/pl\/wp-content\/uploads\/sites\/6\/2025\/07\/tatry-czarny-staw-800x600.jpg 800w, https:\/\/mobilet.eu\/pl\/wp-content\/uploads\/sites\/6\/2025\/07\/tatry-czarny-staw.jpg 1920w\" sizes=\"auto, (max-width: 1024px) 100vw, 1024px\" \/><figcaption class=\"wp-element-caption\">Ob\u0142oki-baranki nad Czarnym Stawem G\u0105sienicowym i Orl\u0105 Perci\u0105<\/figcaption><\/figure>\n<\/figure>\n\n\n\n<p class=\"wp-block-paragraph\">Alternatyw\u0105 dla Morskiego Oka jest &#8211; niemal tak samo zjawiskowy &#8211; <strong>Czarny Staw w Dolinie G\u0105sienicowej<\/strong>. Jak si\u0119 tam dosta\u0107? Miejskim autobusem dojedziecie do <a href=\"https:\/\/maps.app.goo.gl\/KAv378zDr7nBCvoq5\" target=\"_blank\" rel=\"noreferrer noopener nofollow\">Ku\u017anic<\/a> &#8211; dzielnicy Zakopanego znajduj\u0105cej si\u0119 w granicach TPN. Oczywi\u015bcie <a href=\"https:\/\/mobilet.eu\/pl\/uslugi\/komunikacja-miejska\/\">bilety autobusowe zakupicie online<\/a> &#8211; dzi\u0119ki aplikacji <strong>Mobilet<\/strong>. Z Ku\u017anic nad jezioro poprowadzi Was niebieski szlak. To prawdziwa, 3-godzinna g\u00f3rska w\u0119dr\u00f3wka.<\/p>\n\n\n\n<h3 class=\"wp-block-heading\">Kolejk\u0105 na Kasprowy i inne wycieczki<\/h3>\n\n\n\n<p class=\"wp-block-paragraph\">Je\u015bli za\u015b chcecie szybko wznie\u015b\u0107 si\u0119 na szczyty, mo\u017cecie skorzysta\u0107 z kolejki linowej na <strong>Kasprowy Wierch<\/strong>. Dolna stacja r\u00f3wnie\u017c znajduje si\u0119 w Ku\u017anicach. Sama jazda jest niepowtarzalnym prze\u017cyciem, a widok z <a href=\"https:\/\/www.pkl.pl\/kasprowy-wierch\/kasprowy.html\" target=\"_blank\" rel=\"noreferrer noopener nofollow\">Kasprowego<\/a> na Tatry &#8211; bezcenny. Warto wi\u0119c sprawdzi\u0107 prognozy i wcze\u015bniej <a href=\"https:\/\/www.sklep.pkl.pl\/grupy-produktow\/index,4,tourpassy.html\" target=\"_blank\" rel=\"noreferrer noopener nofollow\">zakupi\u0107 bilety online<\/a>, a w\u00f3wczas unikniecie stania w d\u0142ugiej &#8222;kolejce do kolejki&#8221;.<\/p>\n\n\n\n<figure class=\"wp-block-gallery has-nested-images columns-default is-cropped wp-block-gallery-3 is-layout-flex wp-block-gallery-is-layout-flex\">\n<figure class=\"wp-block-image size-large\"><img loading=\"lazy\" decoding=\"async\" width=\"1024\" height=\"768\" data-id=\"33811\" src=\"https:\/\/mobilet.eu\/pl\/wp-content\/uploads\/sites\/6\/2025\/07\/tatry-kasprowy-kolejka-1024x768.jpg\" alt=\"Widok z wagonika kolejki linowej na Kasprowy Wierch\" class=\"wp-image-33811\" srcset=\"https:\/\/mobilet.eu\/pl\/wp-content\/uploads\/sites\/6\/2025\/07\/tatry-kasprowy-kolejka-1024x768.jpg 1024w, https:\/\/mobilet.eu\/pl\/wp-content\/uploads\/sites\/6\/2025\/07\/tatry-kasprowy-kolejka-300x225.jpg 300w, https:\/\/mobilet.eu\/pl\/wp-content\/uploads\/sites\/6\/2025\/07\/tatry-kasprowy-kolejka-768x576.jpg 768w, https:\/\/mobilet.eu\/pl\/wp-content\/uploads\/sites\/6\/2025\/07\/tatry-kasprowy-kolejka-800x600.jpg 800w, https:\/\/mobilet.eu\/pl\/wp-content\/uploads\/sites\/6\/2025\/07\/tatry-kasprowy-kolejka.jpg 1920w\" sizes=\"auto, (max-width: 1024px) 100vw, 1024px\" \/><figcaption class=\"wp-element-caption\">Podniebna podr\u00f3\u017c wagonikiem kolejki na &#8222;Kasprowy&#8221; dostarczy nie lada emocji<\/figcaption><\/figure>\n\n\n\n<figure class=\"wp-block-image size-large\"><img loading=\"lazy\" decoding=\"async\" width=\"1024\" height=\"768\" data-id=\"33812\" src=\"https:\/\/mobilet.eu\/pl\/wp-content\/uploads\/sites\/6\/2025\/07\/tatry-kasprowy-widok-1024x768.jpg\" alt=\"Widok na Tatry Wysokie z rejonu Kasprowego Wierchu\" class=\"wp-image-33812\" srcset=\"https:\/\/mobilet.eu\/pl\/wp-content\/uploads\/sites\/6\/2025\/07\/tatry-kasprowy-widok-1024x768.jpg 1024w, https:\/\/mobilet.eu\/pl\/wp-content\/uploads\/sites\/6\/2025\/07\/tatry-kasprowy-widok-300x225.jpg 300w, https:\/\/mobilet.eu\/pl\/wp-content\/uploads\/sites\/6\/2025\/07\/tatry-kasprowy-widok-768x576.jpg 768w, https:\/\/mobilet.eu\/pl\/wp-content\/uploads\/sites\/6\/2025\/07\/tatry-kasprowy-widok-800x600.jpg 800w, https:\/\/mobilet.eu\/pl\/wp-content\/uploads\/sites\/6\/2025\/07\/tatry-kasprowy-widok.jpg 1920w\" sizes=\"auto, (max-width: 1024px) 100vw, 1024px\" \/><figcaption class=\"wp-element-caption\">Kasprowy Wierch to ju\u017c prawdziwie wysokog\u00f3rski krajobraz<\/figcaption><\/figure>\n<\/figure>\n\n\n\n<p class=\"wp-block-paragraph\">Co jeszcze? Jest mn\u00f3stwo opcji, np. Giewont (ko\u0144cowy fragment ubezpieczony \u0142a\u0144cuchami) albo urokliwe, spacerowe doliny: <strong>Ko\u015bcieliska, Chocho\u0142owska<\/strong> czy Str\u0105\u017cyska. S\u0105 te\u017c wodospady (np. Siklawa), udost\u0119pniane do zwiedzania jaskinie, czy punkty widokowe takie jak <strong>Rusinowa Polana<\/strong> s\u0142yn\u0105ca z \u0142adnej panoramy na najwy\u017csze szczyty.<\/p>\n\n\n\n<figure class=\"wp-block-gallery has-nested-images columns-default is-cropped wp-block-gallery-4 is-layout-flex wp-block-gallery-is-layout-flex\">\n<figure class=\"wp-block-image size-large\"><img loading=\"lazy\" decoding=\"async\" width=\"1024\" height=\"768\" data-id=\"33813\" src=\"https:\/\/mobilet.eu\/pl\/wp-content\/uploads\/sites\/6\/2025\/07\/tatry-rusinowa-1024x768.jpg\" alt=\"panorama Tatr Wysokich z Rusinowej Polany\" class=\"wp-image-33813\" srcset=\"https:\/\/mobilet.eu\/pl\/wp-content\/uploads\/sites\/6\/2025\/07\/tatry-rusinowa-1024x768.jpg 1024w, https:\/\/mobilet.eu\/pl\/wp-content\/uploads\/sites\/6\/2025\/07\/tatry-rusinowa-300x225.jpg 300w, https:\/\/mobilet.eu\/pl\/wp-content\/uploads\/sites\/6\/2025\/07\/tatry-rusinowa-768x576.jpg 768w, https:\/\/mobilet.eu\/pl\/wp-content\/uploads\/sites\/6\/2025\/07\/tatry-rusinowa-800x600.jpg 800w, https:\/\/mobilet.eu\/pl\/wp-content\/uploads\/sites\/6\/2025\/07\/tatry-rusinowa.jpg 1920w\" sizes=\"auto, (max-width: 1024px) 100vw, 1024px\" \/><figcaption class=\"wp-element-caption\">Na Rusinow\u0105 Polan\u0119 wiedzie do\u015b\u0107 kr\u00f3tki szlak. Tutaj panorama jest jak z poczt\u00f3wki.<\/figcaption><\/figure>\n<\/figure>\n\n\n\n<h3 class=\"wp-block-heading\">Po mie\u015bcie? Spacerem, autobusem albo autem<\/h3>\n\n\n\n<p class=\"wp-block-paragraph\">Gdy pogoda nie dopisze, albo kiedy planujecie odpocz\u0105\u0107 od w\u0119dr\u00f3wek, Zakopane ma mn\u00f3stwo ciekawych miejsc do zaoferowania. O atrakcjach dla najm\u0142odszych nie musimy wspomina\u0107, bo na niemal na ka\u017cdym rogu znajdziecie ich reklamy. My polecamy zwiedzenie ekspozycji <a href=\"https:\/\/muzeumtatrzanskie.pl\/filie\/\" target=\"_blank\" rel=\"noreferrer noopener nofollow\">Muzeum Tatrza\u0144skiego<\/a> z kilkunastoma filiami w mie\u015bcie i okolicach, czy wybranie si\u0119 na spektakl w <a href=\"https:\/\/witkacy.pl\/pl\/\" target=\"_blank\" rel=\"noreferrer noopener nofollow\">Teatrze Witkacego<\/a>.<\/p>\n\n\n\n<p class=\"wp-block-paragraph\">Spaceruj\u0105c po mie\u015bcie warto zapu\u015bci\u0107 si\u0119 czasem w boczne uliczki, gdzie znajdziecie \u017cywe \u015blady historii i prawdziwej kultury Zakopanego, albo po prostu troch\u0119 wi\u0119cej spokoju. Zawsze jednak pami\u0119tajcie: <strong>z Mobiletem poruszanie si\u0119 po &#8222;Zakopcu&#8221; jest du\u017co \u0142atwiejsze<\/strong>. <a href=\"https:\/\/mobilet.eu\/pl\/pobierz\/\">Aplikacja<\/a> pozwala p\u0142aci\u0107 za parkingi, jak i je\u017adzi\u0107 miejskimi autobusami.<\/p>\n\n\n\n<h2 class=\"wp-block-heading\">Karkonosze, czyli per\u0142a Dolnego \u015al\u0105ska w g\u00f3rskim wydaniu<\/h2>\n\n\n\n<p class=\"wp-block-paragraph\">Znane niegdy\u015b jako G\u00f3ry Olbrzymie, pasmo Karkonoszy cieszy si\u0119 r\u00f3wnie\u017c ogromn\u0105 popularno\u015bci\u0105. Panuje tu do\u015b\u0107 surowy klimat i charakterystyczny krajobraz, w kt\u00f3rym dominuj\u0105 raczej \u0142agodne, cho\u0107 wysokie grzbiety poro\u015bni\u0119te kosodrzewin\u0105. Nie brakuje tu jednak przepa\u015bcistych urwisk, polodowcowych kot\u0142\u00f3w i granitowych ska\u0142ek o fantazyjnych kszta\u0142tach. Karkonosze s\u0105 pi\u0119kne i stosunkowo \u0142atwo dost\u0119pne, r\u00f3wnie\u017c dzi\u0119ki wyci\u0105gom krzese\u0142kowym, wygodnym szlakom i licznym schroniskom.<\/p>\n\n\n\n<h3 class=\"wp-block-heading\">Karpacz<\/h3>\n\n\n\n<p class=\"wp-block-paragraph\">Od lat jeden z urlopowych hit\u00f3w w Polsce &#8211; zar\u00f3wno zim\u0105 jak i latem. Bogata baza noclegowa i g\u00f3ry kt\u00f3re s\u0105 prawie &#8222;na wyci\u0105gni\u0119cie r\u0119ki&#8221; przyci\u0105gaj\u0105 tu rzesze go\u015bci. <strong>Widok na poblisk\u0105 \u015anie\u017ck\u0119<\/strong> (1602 m.n.p.m.) skusi ka\u017cdego. Je\u015bli chcemy unikn\u0105\u0107 mozolnego podej\u015bcia z miasta na sam szczyt, mo\u017cemy zostawi\u0107 auto <a href=\"https:\/\/maps.app.goo.gl\/A9cxfF8pJbx7Vdt4A\" target=\"_blank\" rel=\"noreferrer noopener nofollow\">na parkingu<\/a> przy dolnej stacji kolejki (p\u0142ac\u0105c za post\u00f3j <a href=\"https:\/\/mobilet.eu\/pl\/pobierz\/\">Mobiletem<\/a>) i czteroosobowym <a href=\"https:\/\/karpaczskiarena.pl\/\" target=\"_blank\" rel=\"noreferrer noopener nofollow\">wyci\u0105giem krzese\u0142kowym Zbyszek<\/a> wjecha\u0107 na Kop\u0119. St\u0105d do pokonania mamy tylko 240 m wysoko\u015bci, co zajmuje nieco ponad godzin\u0119. Przy dobrej pogodzie widok ze \u015anie\u017cki jest niesamowity.<\/p>\n\n\n\n<figure class=\"wp-block-gallery has-nested-images columns-default is-cropped wp-block-gallery-5 is-layout-flex wp-block-gallery-is-layout-flex\">\n<figure class=\"wp-block-image size-large\"><img loading=\"lazy\" decoding=\"async\" width=\"1024\" height=\"683\" data-id=\"33801\" src=\"https:\/\/mobilet.eu\/pl\/wp-content\/uploads\/sites\/6\/2025\/07\/karkonosze-czechy-1024x683.jpg\" alt=\"Polsko-czeska granica w Karkonoszach\" class=\"wp-image-33801\" srcset=\"https:\/\/mobilet.eu\/pl\/wp-content\/uploads\/sites\/6\/2025\/07\/karkonosze-czechy-1024x683.jpg 1024w, https:\/\/mobilet.eu\/pl\/wp-content\/uploads\/sites\/6\/2025\/07\/karkonosze-czechy-300x200.jpg 300w, https:\/\/mobilet.eu\/pl\/wp-content\/uploads\/sites\/6\/2025\/07\/karkonosze-czechy-768x512.jpg 768w, https:\/\/mobilet.eu\/pl\/wp-content\/uploads\/sites\/6\/2025\/07\/karkonosze-czechy-800x533.jpg 800w, https:\/\/mobilet.eu\/pl\/wp-content\/uploads\/sites\/6\/2025\/07\/karkonosze-czechy.jpg 1920w\" sizes=\"auto, (max-width: 1024px) 100vw, 1024px\" \/><figcaption class=\"wp-element-caption\">G\u0142\u00f3wnym grzbietem Karkonoszy przebiega granica z Czechami<\/figcaption><\/figure>\n\n\n\n<figure class=\"wp-block-image size-large\"><img loading=\"lazy\" decoding=\"async\" width=\"1024\" height=\"768\" data-id=\"33803\" src=\"https:\/\/mobilet.eu\/pl\/wp-content\/uploads\/sites\/6\/2025\/07\/karkonosze-sniezka2-1024x768.jpg\" alt=\"Obserwatorium Meteorologiczne na \u015anie\u017cce\" class=\"wp-image-33803\" srcset=\"https:\/\/mobilet.eu\/pl\/wp-content\/uploads\/sites\/6\/2025\/07\/karkonosze-sniezka2-1024x768.jpg 1024w, https:\/\/mobilet.eu\/pl\/wp-content\/uploads\/sites\/6\/2025\/07\/karkonosze-sniezka2-300x225.jpg 300w, https:\/\/mobilet.eu\/pl\/wp-content\/uploads\/sites\/6\/2025\/07\/karkonosze-sniezka2-768x576.jpg 768w, https:\/\/mobilet.eu\/pl\/wp-content\/uploads\/sites\/6\/2025\/07\/karkonosze-sniezka2-800x600.jpg 800w, https:\/\/mobilet.eu\/pl\/wp-content\/uploads\/sites\/6\/2025\/07\/karkonosze-sniezka2.jpg 1920w\" sizes=\"auto, (max-width: 1024px) 100vw, 1024px\" \/><figcaption class=\"wp-element-caption\">Ksi\u0119\u017cycowy krajobraz wierzcho\u0142ka \u015anie\u017cki i budynki Obserwatorium Meteorologicznego<\/figcaption><\/figure>\n<\/figure>\n\n\n\n<p class=\"wp-block-paragraph\">Mi\u0142o\u015bnikom g\u00f3rskich w\u0119dr\u00f3wek polecamy cudn\u0105, cho\u0107 wymagaj\u0105c\u0105 tras\u0119 przez Pielgrzymy, S\u0142onecznik, nad <strong>Kot\u0142y Wielkiego i Ma\u0142ego Stawu<\/strong> oraz z powrotem przez Schronisko Strzecha Akademicka<\/p>\n\n\n\n<figure class=\"wp-block-gallery has-nested-images columns-default is-cropped wp-block-gallery-6 is-layout-flex wp-block-gallery-is-layout-flex\">\n<figure class=\"wp-block-image size-large\"><img loading=\"lazy\" decoding=\"async\" width=\"1024\" height=\"768\" data-id=\"33806\" src=\"https:\/\/mobilet.eu\/pl\/wp-content\/uploads\/sites\/6\/2025\/07\/karkonosze-staw-1024x768.jpg\" alt=\"Wielki Staw z widokiem na grup\u0119 skaln\u0105 Pielgrzymy\" class=\"wp-image-33806\" srcset=\"https:\/\/mobilet.eu\/pl\/wp-content\/uploads\/sites\/6\/2025\/07\/karkonosze-staw-1024x768.jpg 1024w, https:\/\/mobilet.eu\/pl\/wp-content\/uploads\/sites\/6\/2025\/07\/karkonosze-staw-300x225.jpg 300w, https:\/\/mobilet.eu\/pl\/wp-content\/uploads\/sites\/6\/2025\/07\/karkonosze-staw-768x576.jpg 768w, https:\/\/mobilet.eu\/pl\/wp-content\/uploads\/sites\/6\/2025\/07\/karkonosze-staw-800x600.jpg 800w, https:\/\/mobilet.eu\/pl\/wp-content\/uploads\/sites\/6\/2025\/07\/karkonosze-staw.jpg 1920w\" sizes=\"auto, (max-width: 1024px) 100vw, 1024px\" \/><figcaption class=\"wp-element-caption\">Wielki Staw z widokiem na grup\u0119 skaln\u0105 Pielgrzymy<\/figcaption><\/figure>\n\n\n\n<figure class=\"wp-block-image size-large\"><img loading=\"lazy\" decoding=\"async\" width=\"1024\" height=\"768\" data-id=\"33804\" src=\"https:\/\/mobilet.eu\/pl\/wp-content\/uploads\/sites\/6\/2025\/07\/karkonosze-wang-1024x768.jpg\" alt=\"\u015awi\u0105tynia Wang w Karpaczu\" class=\"wp-image-33804\" srcset=\"https:\/\/mobilet.eu\/pl\/wp-content\/uploads\/sites\/6\/2025\/07\/karkonosze-wang-1024x768.jpg 1024w, https:\/\/mobilet.eu\/pl\/wp-content\/uploads\/sites\/6\/2025\/07\/karkonosze-wang-300x225.jpg 300w, https:\/\/mobilet.eu\/pl\/wp-content\/uploads\/sites\/6\/2025\/07\/karkonosze-wang-768x576.jpg 768w, https:\/\/mobilet.eu\/pl\/wp-content\/uploads\/sites\/6\/2025\/07\/karkonosze-wang-800x600.jpg 800w, https:\/\/mobilet.eu\/pl\/wp-content\/uploads\/sites\/6\/2025\/07\/karkonosze-wang.jpg 1920w\" sizes=\"auto, (max-width: 1024px) 100vw, 1024px\" \/><figcaption class=\"wp-element-caption\">\u015awi\u0105tynia Wang w Karpaczu zachwyca oryginaln\u0105 skandynawsk\u0105 architektur\u0105<\/figcaption><\/figure>\n<\/figure>\n\n\n\n<p class=\"wp-block-paragraph\">Co jeszcze warto zobaczy\u0107 w <a href=\"https:\/\/mobilet.eu\/pl\/miasta\/karpacz\/\">Karpaczu<\/a> i okolicach? Na pewno ewangelick\u0105 <a href=\"https:\/\/wang.com.pl\/parafia\/\" target=\"_blank\" rel=\"noreferrer noopener nofollow\">\u015awi\u0105tyni\u0119 Wang<\/a>, czyli licz\u0105cy niemal 900 lat drewniany ko\u015bci\u00f3\u0142ek przeniesiony z Norwegii w XIX. Mo\u017cna go obejrze\u0107 z zewn\u0105trz, w drodze do Ma\u0142ego Stawu i Schroniska Samotnia, ale my zach\u0119camy do zwiedzenia pi\u0119knego wn\u0119trza \u015bwi\u0105tyni (za biletami, od 9:00 do 18:00).<br>Atrakcje siebie znajd\u0105 tu r\u00f3wnie\u017c wszyscy spragnieni adrenaliny (letni tor saneczkowy <a href=\"http:\/\/www.kolorowa.pl\" target=\"_blank\" rel=\"noreferrer noopener nofollow\">Kolorowa<\/a>) oraz dzieci (<a href=\"https:\/\/www.muzeumzabawek.pl\/\" target=\"_blank\" rel=\"noreferrer noopener nofollow\">Muzeum Zabawek<\/a> z kolekcj\u0105 lalek i zabawek z ca\u0142ego \u015bwiata).<\/p>\n\n\n\n<p class=\"wp-block-paragraph\">Wi\u0119kszo\u015b\u0107 go\u015bci przyje\u017cd\u017ca do Karpacza samochodem. Planuj\u0105c post\u00f3j w mie\u015bcie zapoznaj si\u0119 z <a href=\"https:\/\/www.karpacz.pl\/parkingi-miejskie\">list\u0105 miejskich parking\u00f3w p\u0142atnych<\/a>, kt\u00f3re obs\u0142uguje Mobilet. Pami\u0119taj &#8211; <a href=\"https:\/\/mobilet.eu\/pl\/pobierz\/\">z aplikacj\u0105<\/a> nie potrzebujesz korzysta\u0107 z parkomat\u00f3w!<\/p>\n\n\n\n<h3 class=\"wp-block-heading\">Szklarska Por\u0119ba<\/h3>\n\n\n\n<p class=\"wp-block-paragraph\">Je\u015bli Karpacz jest Kr\u00f3lem, to <a href=\"https:\/\/mobilet.eu\/pl\/miasta\/szklarska-poreba\/\">Szklarska Por\u0119ba<\/a> jest Kr\u00f3low\u0105 Karkonoszy, kt\u00f3ra usadowi\u0142a si\u0119 u podn\u00f3\u017ca <strong>Szrenicy<\/strong> (1361 m.n.p.m). Miasto le\u017cy nieco bardziej na zach\u00f3d od Karpacza, dzi\u0119ki czemu jest \u015bwietn\u0105 baz\u0105 wypadow\u0105 w Karkonosze, ale r\u00f3wnie\u017c w <strong>G\u00f3ry Izerskie<\/strong>.<br>Niemal na sam wierzcho\u0142ek Szrenicy wjedziemy 2-odcinkowym <a href=\"https:\/\/szrenicaskiarena.pl\/lato\/koleje-i-wyciagi\/\" target=\"_blank\" rel=\"noreferrer noopener nofollow\">wyci\u0105giem krzese\u0142kowym<\/a> (za parking pod wyci\u0105giem <a href=\"https:\/\/mobilet.eu\/pl\/uslugi\/oplaty-parkingowe\/\">zap\u0142acimy aplikacj\u0105 Mobilet<\/a>). W ten spos\u00f3b w ci\u0105gu 40 minut znajdziemy si\u0119 na szczycie, gdzie mo\u017cemy podziwia\u0107 pi\u0119kn\u0105 panoram\u0119 okolicy. Dodatkowo, b\u0119d\u0105c ju\u017c na g\u0142\u00f3wnym grzbiecie Karkonoszy, mo\u017cemy bez wi\u0119kszego wysi\u0142ku doj\u015b\u0107 np. do punkt\u00f3w widokowych <strong>nad urwiskami \u015anie\u017cnych Kot\u0142\u00f3w<\/strong>. Emocje gwarantowane! W\u0119dr\u00f3wka zajmie mniej ni\u017c 2 godziny, a wr\u00f3ci\u0107 mo\u017cna t\u0105 sam\u0105 drog\u0105 lub jednym ze szlak\u00f3w zej\u015bciowych do miasta.<\/p>\n\n\n\n<figure class=\"wp-block-gallery has-nested-images columns-default is-cropped wp-block-gallery-7 is-layout-flex wp-block-gallery-is-layout-flex\">\n<figure class=\"wp-block-image size-large\"><img loading=\"lazy\" decoding=\"async\" width=\"1024\" height=\"768\" data-id=\"33802\" src=\"https:\/\/mobilet.eu\/pl\/wp-content\/uploads\/sites\/6\/2025\/07\/karkonosze-snieznekotly-1024x768.jpg\" alt=\"Urwiska \u015anie\u017cnych Kot\u0142\u00f3w a nad nimi stacja przeka\u017anikowa\" class=\"wp-image-33802\" srcset=\"https:\/\/mobilet.eu\/pl\/wp-content\/uploads\/sites\/6\/2025\/07\/karkonosze-snieznekotly-1024x768.jpg 1024w, https:\/\/mobilet.eu\/pl\/wp-content\/uploads\/sites\/6\/2025\/07\/karkonosze-snieznekotly-300x225.jpg 300w, https:\/\/mobilet.eu\/pl\/wp-content\/uploads\/sites\/6\/2025\/07\/karkonosze-snieznekotly-768x576.jpg 768w, https:\/\/mobilet.eu\/pl\/wp-content\/uploads\/sites\/6\/2025\/07\/karkonosze-snieznekotly-800x600.jpg 800w, https:\/\/mobilet.eu\/pl\/wp-content\/uploads\/sites\/6\/2025\/07\/karkonosze-snieznekotly.jpg 1920w\" sizes=\"auto, (max-width: 1024px) 100vw, 1024px\" \/><figcaption class=\"wp-element-caption\">Urwiska \u015anie\u017cnych Kot\u0142\u00f3w a nad nimi budynek stacji przeka\u017anikowej<\/figcaption><\/figure>\n\n\n\n<figure class=\"wp-block-image size-large\"><img loading=\"lazy\" decoding=\"async\" width=\"1024\" height=\"768\" data-id=\"33805\" src=\"https:\/\/mobilet.eu\/pl\/wp-content\/uploads\/sites\/6\/2025\/07\/karkonosze-chojnik-1024x768.jpg\" alt=\"Ruiny Zamku Chojnik\" class=\"wp-image-33805\" srcset=\"https:\/\/mobilet.eu\/pl\/wp-content\/uploads\/sites\/6\/2025\/07\/karkonosze-chojnik-1024x768.jpg 1024w, https:\/\/mobilet.eu\/pl\/wp-content\/uploads\/sites\/6\/2025\/07\/karkonosze-chojnik-300x225.jpg 300w, https:\/\/mobilet.eu\/pl\/wp-content\/uploads\/sites\/6\/2025\/07\/karkonosze-chojnik-768x576.jpg 768w, https:\/\/mobilet.eu\/pl\/wp-content\/uploads\/sites\/6\/2025\/07\/karkonosze-chojnik-800x600.jpg 800w, https:\/\/mobilet.eu\/pl\/wp-content\/uploads\/sites\/6\/2025\/07\/karkonosze-chojnik.jpg 1920w\" sizes=\"auto, (max-width: 1024px) 100vw, 1024px\" \/><figcaption class=\"wp-element-caption\">Mi\u0119dzy Karpaczem a Szklarsk\u0105 Por\u0119b\u0105 mo\u017cna zatrzyma\u0107 si\u0119 na zwiedzanie Zamku Chojnik<\/figcaption><\/figure>\n<\/figure>\n\n\n\n<p class=\"wp-block-paragraph\">B\u0119d\u0105c w Szklarskiej Por\u0119bie na pewno nie pominiecie wycieczki do najwy\u017cszego w polskich Sudetach <strong>wodospadu<\/strong> w pi\u0119knym W\u0105wozie <strong>Kamie\u0144czyka<\/strong> o pionowych, 30 metrowych \u015bcianach (zej\u015bcie do kanionu p\u0142atne, 9:00-18:00). Nieco mniejszy ale r\u00f3wnie \u0142adny i \u0142atwiej dost\u0119pny <strong>Wodospad Szklarki<\/strong> (9:00-17:00, obowi\u0105zuj\u0105 bilety), znajduje si\u0119 w przy DK5, oko\u0142o 3 km od centrum w kierunku na Jeleni\u0105 G\u00f3r\u0119.<\/p>\n\n\n\n<p class=\"wp-block-paragraph\">Miasto oferuje te\u017c liczne atrakcje dla ca\u0142ej rodziny np. muzea, parki rozrywki a tak\u017ce liczne trasy spacerowe. W parkowaniu pomo\u017ce Wam oczywi\u015bcie <a href=\"https:\/\/mobilet.eu\/pl\/pobierz\/\">Mobilet<\/a>.<\/p>\n\n\n\n<p class=\"wp-block-paragraph\">Ju\u017c wkr\u00f3tce, z kolejnym po\u015bcie skupimy si\u0119 na dalszych g\u00f3rskich propozycjach na sierpie\u0144. Zagl\u0105dajcie wi\u0119c na <a href=\"https:\/\/mobilet.eu\/pl\/blog\/\">naszego bloga<\/a>.<\/p>\n","protected":false},"excerpt":{"rendered":"<p>Wakacje na p\u00f3\u0142metku i weszli\u015bmy ju\u017c w okres szczytu urlopowego. Kapry\u015bna pogoda w lipcu zaskoczy\u0142a wypoczywaj\u0105cych, zw\u0142aszcza nad Ba\u0142tykiem. Mo\u017ce [&hellip;]<\/p>\n","protected":false},"author":2,"featured_media":33543,"comment_status":"open","ping_status":"open","sticky":false,"template":"","format":"standard","meta":{"_crdt_document":"","footnotes":""},"categories":[41],"tags":[36,47,35,37],"class_list":["post-33541","post","type-post","status-publish","format-standard","has-post-thumbnail","hentry","category-blog","tag-komunikacja","tag-lifestyle","tag-parkowanie","tag-turystyka"],"yoast_head":"<!-- This site is optimized with the Yoast SEO plugin v27.4 - https:\/\/yoast.com\/product\/yoast-seo-wordpress\/ -->\n<title>Gdzie w g\u00f3ry latem? Mobilet sprawdza - odc.1<\/title>\n<meta name=\"description\" content=\"Sprawdzamy dok\u0105d warto wybra\u0107 si\u0119 w polskie g\u00f3ry latem. Zobacz gdzie w trakcie urlopu mo\u017cesz skorzysta\u0107 z aplikacji Mobilet.\" \/>\n<meta name=\"robots\" content=\"index, follow, max-snippet:-1, max-image-preview:large, max-video-preview:-1\" \/>\n<link rel=\"canonical\" href=\"https:\/\/mobilet.eu\/pl\/blog\/gdzie-w-gory-latem-1\/\" \/>\n<meta property=\"og:locale\" content=\"pl_PL\" \/>\n<meta property=\"og:type\" content=\"article\" \/>\n<meta property=\"og:title\" content=\"Gdzie w g\u00f3ry latem? Mobilet sprawdza - odc.1\" \/>\n<meta property=\"og:description\" content=\"Sprawdzamy dok\u0105d warto wybra\u0107 si\u0119 w polskie g\u00f3ry latem. Zobacz gdzie w trakcie urlopu mo\u017cesz skorzysta\u0107 z aplikacji Mobilet.\" \/>\n<meta property=\"og:url\" content=\"https:\/\/mobilet.eu\/pl\/blog\/gdzie-w-gory-latem-1\/\" \/>\n<meta property=\"og:site_name\" content=\"mobilet.pl\" \/>\n<meta property=\"article:published_time\" content=\"2025-07-27T08:29:29+00:00\" \/>\n<meta property=\"article:modified_time\" content=\"2025-08-08T06:03:17+00:00\" \/>\n<meta property=\"og:image\" content=\"https:\/\/mobilet.eu\/pl\/wp-content\/uploads\/sites\/6\/2025\/07\/gory-latem-1024x670.jpg\" \/>\n\t<meta property=\"og:image:width\" content=\"1024\" \/>\n\t<meta property=\"og:image:height\" content=\"670\" \/>\n\t<meta property=\"og:image:type\" content=\"image\/jpeg\" \/>\n<meta name=\"author\" content=\"piotrsobkowiak\" \/>\n<meta name=\"twitter:card\" content=\"summary_large_image\" \/>\n<meta name=\"twitter:label1\" content=\"Napisane przez\" \/>\n\t<meta name=\"twitter:data1\" content=\"piotrsobkowiak\" \/>\n\t<meta name=\"twitter:label2\" content=\"Szacowany czas czytania\" \/>\n\t<meta name=\"twitter:data2\" content=\"10 minut\" \/>\n<script type=\"application\/ld+json\" class=\"yoast-schema-graph\">{\"@context\":\"https:\\\/\\\/schema.org\",\"@graph\":[{\"@type\":\"Article\",\"@id\":\"https:\\\/\\\/mobilet.eu\\\/pl\\\/blog\\\/gdzie-w-gory-latem-1\\\/#article\",\"isPartOf\":{\"@id\":\"https:\\\/\\\/mobilet.eu\\\/pl\\\/blog\\\/gdzie-w-gory-latem-1\\\/\"},\"author\":{\"name\":\"piotrsobkowiak\",\"@id\":\"https:\\\/\\\/mobilet.eu\\\/pl\\\/#\\\/schema\\\/person\\\/f013d26121cfac6fa9ca79c66afa3ff4\"},\"headline\":\"Gdzie w g\u00f3ry latem? Mobilet sprawdza &#8211; odc.1\",\"datePublished\":\"2025-07-27T08:29:29+00:00\",\"dateModified\":\"2025-08-08T06:03:17+00:00\",\"mainEntityOfPage\":{\"@id\":\"https:\\\/\\\/mobilet.eu\\\/pl\\\/blog\\\/gdzie-w-gory-latem-1\\\/\"},\"wordCount\":1450,\"commentCount\":0,\"image\":{\"@id\":\"https:\\\/\\\/mobilet.eu\\\/pl\\\/blog\\\/gdzie-w-gory-latem-1\\\/#primaryimage\"},\"thumbnailUrl\":\"https:\\\/\\\/mobilet.eu\\\/pl\\\/wp-content\\\/uploads\\\/sites\\\/6\\\/2025\\\/07\\\/gory-latem.jpg\",\"keywords\":[\"Komunikacja miejska\",\"Lifestyle\",\"Parkowanie w mie\u015bcie\",\"Turystyka i zwiedzanie\"],\"articleSection\":[\"blog\"],\"inLanguage\":\"pl-PL\",\"potentialAction\":[{\"@type\":\"CommentAction\",\"name\":\"Comment\",\"target\":[\"https:\\\/\\\/mobilet.eu\\\/pl\\\/blog\\\/gdzie-w-gory-latem-1\\\/#respond\"]}]},{\"@type\":\"WebPage\",\"@id\":\"https:\\\/\\\/mobilet.eu\\\/pl\\\/blog\\\/gdzie-w-gory-latem-1\\\/\",\"url\":\"https:\\\/\\\/mobilet.eu\\\/pl\\\/blog\\\/gdzie-w-gory-latem-1\\\/\",\"name\":\"Gdzie w g\u00f3ry latem? Mobilet sprawdza - odc.1\",\"isPartOf\":{\"@id\":\"https:\\\/\\\/mobilet.eu\\\/pl\\\/#website\"},\"primaryImageOfPage\":{\"@id\":\"https:\\\/\\\/mobilet.eu\\\/pl\\\/blog\\\/gdzie-w-gory-latem-1\\\/#primaryimage\"},\"image\":{\"@id\":\"https:\\\/\\\/mobilet.eu\\\/pl\\\/blog\\\/gdzie-w-gory-latem-1\\\/#primaryimage\"},\"thumbnailUrl\":\"https:\\\/\\\/mobilet.eu\\\/pl\\\/wp-content\\\/uploads\\\/sites\\\/6\\\/2025\\\/07\\\/gory-latem.jpg\",\"datePublished\":\"2025-07-27T08:29:29+00:00\",\"dateModified\":\"2025-08-08T06:03:17+00:00\",\"author\":{\"@id\":\"https:\\\/\\\/mobilet.eu\\\/pl\\\/#\\\/schema\\\/person\\\/f013d26121cfac6fa9ca79c66afa3ff4\"},\"description\":\"Sprawdzamy dok\u0105d warto wybra\u0107 si\u0119 w polskie g\u00f3ry latem. Zobacz gdzie w trakcie urlopu mo\u017cesz skorzysta\u0107 z aplikacji Mobilet.\",\"breadcrumb\":{\"@id\":\"https:\\\/\\\/mobilet.eu\\\/pl\\\/blog\\\/gdzie-w-gory-latem-1\\\/#breadcrumb\"},\"inLanguage\":\"pl-PL\",\"potentialAction\":[{\"@type\":\"ReadAction\",\"target\":[\"https:\\\/\\\/mobilet.eu\\\/pl\\\/blog\\\/gdzie-w-gory-latem-1\\\/\"]}]},{\"@type\":\"ImageObject\",\"inLanguage\":\"pl-PL\",\"@id\":\"https:\\\/\\\/mobilet.eu\\\/pl\\\/blog\\\/gdzie-w-gory-latem-1\\\/#primaryimage\",\"url\":\"https:\\\/\\\/mobilet.eu\\\/pl\\\/wp-content\\\/uploads\\\/sites\\\/6\\\/2025\\\/07\\\/gory-latem.jpg\",\"contentUrl\":\"https:\\\/\\\/mobilet.eu\\\/pl\\\/wp-content\\\/uploads\\\/sites\\\/6\\\/2025\\\/07\\\/gory-latem.jpg\",\"width\":1920,\"height\":1256,\"caption\":\"Karkonosze latem - widok na \u015anie\u017cne Kot\u0142y od strony Szklarskiej Por\u0119by, gdzie za parkowanie zap\u0142acisz aplikacj\u0105 Mobilet\"},{\"@type\":\"BreadcrumbList\",\"@id\":\"https:\\\/\\\/mobilet.eu\\\/pl\\\/blog\\\/gdzie-w-gory-latem-1\\\/#breadcrumb\",\"itemListElement\":[{\"@type\":\"ListItem\",\"position\":1,\"name\":\"Home\",\"item\":\"https:\\\/\\\/mobilet.eu\\\/pl\\\/\"},{\"@type\":\"ListItem\",\"position\":2,\"name\":\"Gdzie w g\u00f3ry latem? Mobilet sprawdza &#8211; odc.1\"}]},{\"@type\":\"WebSite\",\"@id\":\"https:\\\/\\\/mobilet.eu\\\/pl\\\/#website\",\"url\":\"https:\\\/\\\/mobilet.eu\\\/pl\\\/\",\"name\":\"mobilet.pl\",\"description\":\"Mobilet - Mobilne p\u0142atno\u015bci za parkingi i komunikacj\u0119\",\"potentialAction\":[{\"@type\":\"SearchAction\",\"target\":{\"@type\":\"EntryPoint\",\"urlTemplate\":\"https:\\\/\\\/mobilet.eu\\\/pl\\\/?s={search_term_string}\"},\"query-input\":{\"@type\":\"PropertyValueSpecification\",\"valueRequired\":true,\"valueName\":\"search_term_string\"}}],\"inLanguage\":\"pl-PL\"},{\"@type\":\"Person\",\"@id\":\"https:\\\/\\\/mobilet.eu\\\/pl\\\/#\\\/schema\\\/person\\\/f013d26121cfac6fa9ca79c66afa3ff4\",\"name\":\"piotrsobkowiak\",\"image\":{\"@type\":\"ImageObject\",\"inLanguage\":\"pl-PL\",\"@id\":\"https:\\\/\\\/secure.gravatar.com\\\/avatar\\\/1ec244a9fe84d133439f48d80f981c9d33b225b6c671437108aba2ecc73f2164?s=96&d=mm&r=g\",\"url\":\"https:\\\/\\\/secure.gravatar.com\\\/avatar\\\/1ec244a9fe84d133439f48d80f981c9d33b225b6c671437108aba2ecc73f2164?s=96&d=mm&r=g\",\"contentUrl\":\"https:\\\/\\\/secure.gravatar.com\\\/avatar\\\/1ec244a9fe84d133439f48d80f981c9d33b225b6c671437108aba2ecc73f2164?s=96&d=mm&r=g\",\"caption\":\"piotrsobkowiak\"},\"url\":\"https:\\\/\\\/mobilet.eu\\\/pl\\\/author\\\/piotrsobkowiak\\\/\"}]}<\/script>\n<!-- \/ Yoast SEO plugin. -->","yoast_head_json":{"title":"Gdzie w g\u00f3ry latem? Mobilet sprawdza - odc.1","description":"Sprawdzamy dok\u0105d warto wybra\u0107 si\u0119 w polskie g\u00f3ry latem. Zobacz gdzie w trakcie urlopu mo\u017cesz skorzysta\u0107 z aplikacji Mobilet.","robots":{"index":"index","follow":"follow","max-snippet":"max-snippet:-1","max-image-preview":"max-image-preview:large","max-video-preview":"max-video-preview:-1"},"canonical":"https:\/\/mobilet.eu\/pl\/blog\/gdzie-w-gory-latem-1\/","og_locale":"pl_PL","og_type":"article","og_title":"Gdzie w g\u00f3ry latem? Mobilet sprawdza - odc.1","og_description":"Sprawdzamy dok\u0105d warto wybra\u0107 si\u0119 w polskie g\u00f3ry latem. Zobacz gdzie w trakcie urlopu mo\u017cesz skorzysta\u0107 z aplikacji Mobilet.","og_url":"https:\/\/mobilet.eu\/pl\/blog\/gdzie-w-gory-latem-1\/","og_site_name":"mobilet.pl","article_published_time":"2025-07-27T08:29:29+00:00","article_modified_time":"2025-08-08T06:03:17+00:00","og_image":[{"width":1024,"height":670,"url":"https:\/\/mobilet.eu\/pl\/wp-content\/uploads\/sites\/6\/2025\/07\/gory-latem-1024x670.jpg","type":"image\/jpeg"}],"author":"piotrsobkowiak","twitter_card":"summary_large_image","twitter_misc":{"Napisane przez":"piotrsobkowiak","Szacowany czas czytania":"10 minut"},"schema":{"@context":"https:\/\/schema.org","@graph":[{"@type":"Article","@id":"https:\/\/mobilet.eu\/pl\/blog\/gdzie-w-gory-latem-1\/#article","isPartOf":{"@id":"https:\/\/mobilet.eu\/pl\/blog\/gdzie-w-gory-latem-1\/"},"author":{"name":"piotrsobkowiak","@id":"https:\/\/mobilet.eu\/pl\/#\/schema\/person\/f013d26121cfac6fa9ca79c66afa3ff4"},"headline":"Gdzie w g\u00f3ry latem? Mobilet sprawdza &#8211; odc.1","datePublished":"2025-07-27T08:29:29+00:00","dateModified":"2025-08-08T06:03:17+00:00","mainEntityOfPage":{"@id":"https:\/\/mobilet.eu\/pl\/blog\/gdzie-w-gory-latem-1\/"},"wordCount":1450,"commentCount":0,"image":{"@id":"https:\/\/mobilet.eu\/pl\/blog\/gdzie-w-gory-latem-1\/#primaryimage"},"thumbnailUrl":"https:\/\/mobilet.eu\/pl\/wp-content\/uploads\/sites\/6\/2025\/07\/gory-latem.jpg","keywords":["Komunikacja miejska","Lifestyle","Parkowanie w mie\u015bcie","Turystyka i zwiedzanie"],"articleSection":["blog"],"inLanguage":"pl-PL","potentialAction":[{"@type":"CommentAction","name":"Comment","target":["https:\/\/mobilet.eu\/pl\/blog\/gdzie-w-gory-latem-1\/#respond"]}]},{"@type":"WebPage","@id":"https:\/\/mobilet.eu\/pl\/blog\/gdzie-w-gory-latem-1\/","url":"https:\/\/mobilet.eu\/pl\/blog\/gdzie-w-gory-latem-1\/","name":"Gdzie w g\u00f3ry latem? Mobilet sprawdza - odc.1","isPartOf":{"@id":"https:\/\/mobilet.eu\/pl\/#website"},"primaryImageOfPage":{"@id":"https:\/\/mobilet.eu\/pl\/blog\/gdzie-w-gory-latem-1\/#primaryimage"},"image":{"@id":"https:\/\/mobilet.eu\/pl\/blog\/gdzie-w-gory-latem-1\/#primaryimage"},"thumbnailUrl":"https:\/\/mobilet.eu\/pl\/wp-content\/uploads\/sites\/6\/2025\/07\/gory-latem.jpg","datePublished":"2025-07-27T08:29:29+00:00","dateModified":"2025-08-08T06:03:17+00:00","author":{"@id":"https:\/\/mobilet.eu\/pl\/#\/schema\/person\/f013d26121cfac6fa9ca79c66afa3ff4"},"description":"Sprawdzamy dok\u0105d warto wybra\u0107 si\u0119 w polskie g\u00f3ry latem. Zobacz gdzie w trakcie urlopu mo\u017cesz skorzysta\u0107 z aplikacji Mobilet.","breadcrumb":{"@id":"https:\/\/mobilet.eu\/pl\/blog\/gdzie-w-gory-latem-1\/#breadcrumb"},"inLanguage":"pl-PL","potentialAction":[{"@type":"ReadAction","target":["https:\/\/mobilet.eu\/pl\/blog\/gdzie-w-gory-latem-1\/"]}]},{"@type":"ImageObject","inLanguage":"pl-PL","@id":"https:\/\/mobilet.eu\/pl\/blog\/gdzie-w-gory-latem-1\/#primaryimage","url":"https:\/\/mobilet.eu\/pl\/wp-content\/uploads\/sites\/6\/2025\/07\/gory-latem.jpg","contentUrl":"https:\/\/mobilet.eu\/pl\/wp-content\/uploads\/sites\/6\/2025\/07\/gory-latem.jpg","width":1920,"height":1256,"caption":"Karkonosze latem - widok na \u015anie\u017cne Kot\u0142y od strony Szklarskiej Por\u0119by, gdzie za parkowanie zap\u0142acisz aplikacj\u0105 Mobilet"},{"@type":"BreadcrumbList","@id":"https:\/\/mobilet.eu\/pl\/blog\/gdzie-w-gory-latem-1\/#breadcrumb","itemListElement":[{"@type":"ListItem","position":1,"name":"Home","item":"https:\/\/mobilet.eu\/pl\/"},{"@type":"ListItem","position":2,"name":"Gdzie w g\u00f3ry latem? Mobilet sprawdza &#8211; odc.1"}]},{"@type":"WebSite","@id":"https:\/\/mobilet.eu\/pl\/#website","url":"https:\/\/mobilet.eu\/pl\/","name":"mobilet.pl","description":"Mobilet - Mobilne p\u0142atno\u015bci za parkingi i komunikacj\u0119","potentialAction":[{"@type":"SearchAction","target":{"@type":"EntryPoint","urlTemplate":"https:\/\/mobilet.eu\/pl\/?s={search_term_string}"},"query-input":{"@type":"PropertyValueSpecification","valueRequired":true,"valueName":"search_term_string"}}],"inLanguage":"pl-PL"},{"@type":"Person","@id":"https:\/\/mobilet.eu\/pl\/#\/schema\/person\/f013d26121cfac6fa9ca79c66afa3ff4","name":"piotrsobkowiak","image":{"@type":"ImageObject","inLanguage":"pl-PL","@id":"https:\/\/secure.gravatar.com\/avatar\/1ec244a9fe84d133439f48d80f981c9d33b225b6c671437108aba2ecc73f2164?s=96&d=mm&r=g","url":"https:\/\/secure.gravatar.com\/avatar\/1ec244a9fe84d133439f48d80f981c9d33b225b6c671437108aba2ecc73f2164?s=96&d=mm&r=g","contentUrl":"https:\/\/secure.gravatar.com\/avatar\/1ec244a9fe84d133439f48d80f981c9d33b225b6c671437108aba2ecc73f2164?s=96&d=mm&r=g","caption":"piotrsobkowiak"},"url":"https:\/\/mobilet.eu\/pl\/author\/piotrsobkowiak\/"}]}},"_links":{"self":[{"href":"https:\/\/mobilet.eu\/pl\/wp-json\/wp\/v2\/posts\/33541","targetHints":{"allow":["GET"]}}],"collection":[{"href":"https:\/\/mobilet.eu\/pl\/wp-json\/wp\/v2\/posts"}],"about":[{"href":"https:\/\/mobilet.eu\/pl\/wp-json\/wp\/v2\/types\/post"}],"author":[{"embeddable":true,"href":"https:\/\/mobilet.eu\/pl\/wp-json\/wp\/v2\/users\/2"}],"replies":[{"embeddable":true,"href":"https:\/\/mobilet.eu\/pl\/wp-json\/wp\/v2\/comments?post=33541"}],"version-history":[{"count":128,"href":"https:\/\/mobilet.eu\/pl\/wp-json\/wp\/v2\/posts\/33541\/revisions"}],"predecessor-version":[{"id":34137,"href":"https:\/\/mobilet.eu\/pl\/wp-json\/wp\/v2\/posts\/33541\/revisions\/34137"}],"wp:featuredmedia":[{"embeddable":true,"href":"https:\/\/mobilet.eu\/pl\/wp-json\/wp\/v2\/media\/33543"}],"wp:attachment":[{"href":"https:\/\/mobilet.eu\/pl\/wp-json\/wp\/v2\/media?parent=33541"}],"wp:term":[{"taxonomy":"category","embeddable":true,"href":"https:\/\/mobilet.eu\/pl\/wp-json\/wp\/v2\/categories?post=33541"},{"taxonomy":"post_tag","embeddable":true,"href":"https:\/\/mobilet.eu\/pl\/wp-json\/wp\/v2\/tags?post=33541"}],"curies":[{"name":"wp","href":"https:\/\/api.w.org\/{rel}","templated":true}]}}