{"id":58671,"date":"2026-03-02T17:09:56","date_gmt":"2026-03-02T16:09:56","guid":{"rendered":"https:\/\/mobilet.eu\/pl\/?p=58671"},"modified":"2026-03-02T18:21:40","modified_gmt":"2026-03-02T17:21:40","slug":"dzien-kobiet-2026-czas-na-relaks-w-miescie","status":"publish","type":"post","link":"https:\/\/mobilet.eu\/pl\/blog\/dzien-kobiet-2026-czas-na-relaks-w-miescie\/","title":{"rendered":"Dzie\u0144 Kobiet zaczyna si\u0119 od\u2026 Ciebie. Jak celebrowa\u0107 ma\u0142e chwile w miejskim biegu?"},"content":{"rendered":"\n<p class=\"wp-block-paragraph\"><\/p>\n\n\n\n<p class=\"wp-block-paragraph\">Ci\u0105g\u0142y po\u015bpiech, lista zada\u0144, kt\u00f3ra zdaje si\u0119 nie mie\u0107 ko\u0144ca, i d\u017awi\u0119k powiadomie\u0144. W miejskiej d\u017cungli \u0142atwo zapomnie\u0107 o tym, co najwa\u017cniejsze \u2013 o nas samych. Zbli\u017caj\u0105cy si\u0119 <strong>Dzie\u0144 Kobiet<\/strong> to idealny moment, aby na chwil\u0119 zdj\u0105\u0107 nog\u0119 z gazu i zastanowi\u0107 si\u0119: kiedy ostatnio zrobi\u0142a\u015b co\u015b tylko dla siebie?<\/p>\n\n\n\n<p class=\"wp-block-paragraph\">W Mobilet wierzymy, \u017ce technologia powinna s\u0142u\u017cy\u0107 odzyskiwaniu czasu, a nie jego zabieraniu. Dlatego dzi\u015b nie b\u0119dziemy pisa\u0107 o regulaminach stref parkowania (cho\u0107 wiemy o nich wszystko!). Porozmawiajmy o sztuce miejskiej celebracji.<\/p>\n\n\n\n<h2 class=\"wp-block-heading\">Odzyskaj swoj\u0105 \u201ez\u0142ot\u0105 godzin\u0119\u201d<\/h2>\n\n\n\n<p class=\"wp-block-paragraph\">Czy wiedzia\u0142a\u015b, \u017ce korzystaj\u0105c <a href=\"https:\/\/mobilet.eu\/pl\/pobierz\/\" type=\"page\" id=\"2200\">z <strong>aplikacji do bilet\u00f3w i parkowania<\/strong><\/a>, oszcz\u0119dzasz \u015brednio kilkana\u015bcie minut tygodniowo? To czas, kt\u00f3rego nie tracisz na szukanie parkomatu, b\u0142\u0105dzenie w poszukiwaniu drobnych czy stanie w kolejce do kiosku.<\/p>\n\n\n\n<p class=\"wp-block-paragraph\">Co mo\u017cesz zrobi\u0107 z t\u0105 odzyskan\u0105 chwil\u0105?<\/p>\n\n\n\n<ul class=\"wp-block-list\">\n<li><strong>Wypi\u0107 kaw\u0119 w ulubionej kawiarni<\/strong>, patrz\u0105c na budz\u0105ce si\u0119 do \u017cycia miasto.<\/li>\n\n\n\n<li><strong>Przej\u015b\u0107 si\u0119 przez park<\/strong>, zamiast nerwowo zerka\u0107 na zegarek.<\/li>\n\n\n\n<li><strong>Pos\u0142ucha\u0107 rozdzia\u0142u ulubionego audiobooka<\/strong>, siedz\u0105c ju\u017c <a href=\"https:\/\/mobilet.eu\/pl\/uslugi\/oplaty-parkingowe\/\" type=\"module\" id=\"41\">w zaparkowanym aucie<\/a>.<\/li>\n<\/ul>\n\n\n\n<p class=\"wp-block-paragraph\">Ma\u0142e rytua\u0142y buduj\u0105 nasz\u0105 codzienno\u015b\u0107. To w\u0142a\u015bnie one sprawiaj\u0105, \u017ce czujemy, i\u017c mamy kontrol\u0119 nad w\u0142asnym czasem.<\/p>\n\n\n\n<h2 class=\"wp-block-heading\">Dzie\u0144 Kobiet: \u015bwi\u0119towanie na w\u0142asnych zasadach<\/h2>\n\n\n\n<p class=\"wp-block-paragraph\">Dla ka\u017cdej z nas celebracja oznacza co\u015b innego. Dla jednej to intensywny trening, dla innej wiecz\u00f3r z ksi\u0105\u017ck\u0105, a dla jeszcze innej \u2013 profesjonalny relaks, kt\u00f3ry pozwoli cia\u0142u i g\u0142owie ca\u0142kowicie si\u0119 odpr\u0119\u017cy\u0107.<\/p>\n\n\n\n<blockquote class=\"wp-block-quote is-layout-flow wp-block-quote-is-layout-flow\">\n<p class=\"wp-block-paragraph\">\u201eDzie\u0144 Kobiet zaczyna si\u0119 dla mnie wtedy, gdy&#8230;\u201d \u2013 to zdanie, kt\u00f3re w tym roku sta\u0142o si\u0119 naszym motywem przewodnim.<\/p>\n<\/blockquote>\n\n\n\n<p class=\"wp-block-paragraph\">Zastan\u00f3w si\u0119 przez moment: jak Ty by\u015b je doko\u0144czy\u0142a? Czy to ten pierwszy \u0142yk aromatycznego espresso? A mo\u017ce moment, w kt\u00f3rym zamykasz drzwi do biura i wiesz, \u017ce reszta dnia nale\u017cy do Ciebie?<\/p>\n\n\n\n<h2 class=\"wp-block-heading\">Niespodzianka, kt\u00f3ra czeka na Ciebie w Social Mediach<\/h2>\n\n\n\n<p class=\"wp-block-paragraph\">Wiemy, \u017ce codzienna logistyka w mie\u015bcie bywa wyzwaniem. Doceniamy to, jak sprawnie poruszacie si\u0119 mi\u0119dzy obowi\u0105zkami, pasjami i \u017cyciem rodzinnym. Dlatego w tym roku postanowili\u015bmy zamieni\u0107 \u201emiejskie tempo\u201d na \u201emiejski relaks\u201d.<\/p>\n\n\n\n<p class=\"wp-block-paragraph\">Chcemy pom\u00f3c Wam zrealizowa\u0107 Wasze marzenia o odpoczynku. Je\u015bli czujesz, \u017ce przyda\u0142aby Ci si\u0119 profesjonalna regeneracja w otoczeniu orientalnych aromat\u00f3w, mamy dla Ciebie co\u015b specjalnego.<\/p>\n\n\n\n<p class=\"wp-block-paragraph\"><strong>Zajrzyj na nasz profil na Instagramie <a target=\"_blank\" rel=\"noreferrer noopener\" href=\"https:\/\/www.instagram.com\/mobilet.pl\/\">@mobilet.pl<\/a>!<\/strong><\/p>\n\n\n\n<p class=\"wp-block-paragraph\">Przygotowali\u015bmy tam co\u015b, co pozwoli Ci celebrowa\u0107 marzec w wyj\u0105tkowym stylu. Nie zdradzimy tutaj wszystkiego, ale podpowiemy, \u017ce w grze s\u0105 zaproszenia do jednego z najbardziej relaksuj\u0105cych miejsc na mapie Twoich potrzeb \u2013 <strong>Tao Tao Spa<\/strong>.<\/p>\n","protected":false},"excerpt":{"rendered":"<p>Ci\u0105g\u0142y po\u015bpiech, lista zada\u0144, kt\u00f3ra zdaje si\u0119 nie mie\u0107 ko\u0144ca, i d\u017awi\u0119k powiadomie\u0144. W miejskiej d\u017cungli \u0142atwo zapomnie\u0107 o tym, [&hellip;]<\/p>\n","protected":false},"author":2,"featured_media":58674,"comment_status":"open","ping_status":"open","sticky":false,"template":"","format":"standard","meta":{"_crdt_document":"","footnotes":""},"categories":[41],"tags":[47,35,46],"class_list":["post-58671","post","type-post","status-publish","format-standard","has-post-thumbnail","hentry","category-blog","tag-lifestyle","tag-parkowanie","tag-promo"],"yoast_head":"<!-- This site is optimized with the Yoast SEO plugin v27.4 - https:\/\/yoast.com\/product\/yoast-seo-wordpress\/ -->\n<title>Dzie\u0144 Kobiet 2026: Jak znale\u017a\u0107 czas na relaks w mie\u015bcie? | Blog Mobilet<\/title>\n<meta name=\"description\" content=\"Odkryj, jak celebrowa\u0107 ma\u0142e chwile w miejskim biegu i odzyska\u0107 czas dla siebie. Sprawd\u017a nasz wyj\u0105tkowy prezent na Dzie\u0144 Kobiet na Instagramie Mobilet!\" \/>\n<meta name=\"robots\" content=\"index, follow, max-snippet:-1, max-image-preview:large, max-video-preview:-1\" \/>\n<link rel=\"canonical\" href=\"https:\/\/mobilet.eu\/pl\/blog\/dzien-kobiet-2026-czas-na-relaks-w-miescie\/\" \/>\n<meta property=\"og:locale\" content=\"pl_PL\" \/>\n<meta property=\"og:type\" content=\"article\" \/>\n<meta property=\"og:title\" content=\"Dzie\u0144 Kobiet 2026: Jak znale\u017a\u0107 czas na relaks w mie\u015bcie? | Blog Mobilet\" \/>\n<meta property=\"og:description\" content=\"Odkryj, jak celebrowa\u0107 ma\u0142e chwile w miejskim biegu i odzyska\u0107 czas dla siebie. Sprawd\u017a nasz wyj\u0105tkowy prezent na Dzie\u0144 Kobiet na Instagramie Mobilet!\" \/>\n<meta property=\"og:url\" content=\"https:\/\/mobilet.eu\/pl\/blog\/dzien-kobiet-2026-czas-na-relaks-w-miescie\/\" \/>\n<meta property=\"og:site_name\" content=\"mobilet.pl\" \/>\n<meta property=\"article:published_time\" content=\"2026-03-02T16:09:56+00:00\" \/>\n<meta property=\"article:modified_time\" content=\"2026-03-02T17:21:40+00:00\" \/>\n<meta property=\"og:image\" content=\"https:\/\/mobilet.eu\/pl\/wp-content\/uploads\/sites\/6\/2026\/03\/dzien-kobiet-mobilet-2026.jpg\" \/>\n\t<meta property=\"og:image:width\" content=\"1920\" \/>\n\t<meta property=\"og:image:height\" content=\"1047\" \/>\n\t<meta property=\"og:image:type\" content=\"image\/jpeg\" \/>\n<meta name=\"author\" content=\"piotrsobkowiak\" \/>\n<meta name=\"twitter:card\" content=\"summary_large_image\" \/>\n<meta name=\"twitter:label1\" content=\"Napisane przez\" \/>\n\t<meta name=\"twitter:data1\" content=\"piotrsobkowiak\" \/>\n\t<meta name=\"twitter:label2\" content=\"Szacowany czas czytania\" \/>\n\t<meta name=\"twitter:data2\" content=\"3 minuty\" \/>\n<script type=\"application\/ld+json\" class=\"yoast-schema-graph\">{\"@context\":\"https:\\\/\\\/schema.org\",\"@graph\":[{\"@type\":\"Article\",\"@id\":\"https:\\\/\\\/mobilet.eu\\\/pl\\\/blog\\\/dzien-kobiet-2026-czas-na-relaks-w-miescie\\\/#article\",\"isPartOf\":{\"@id\":\"https:\\\/\\\/mobilet.eu\\\/pl\\\/blog\\\/dzien-kobiet-2026-czas-na-relaks-w-miescie\\\/\"},\"author\":{\"name\":\"piotrsobkowiak\",\"@id\":\"https:\\\/\\\/mobilet.eu\\\/pl\\\/#\\\/schema\\\/person\\\/f013d26121cfac6fa9ca79c66afa3ff4\"},\"headline\":\"Dzie\u0144 Kobiet zaczyna si\u0119 od\u2026 Ciebie. Jak celebrowa\u0107 ma\u0142e chwile w miejskim biegu?\",\"datePublished\":\"2026-03-02T16:09:56+00:00\",\"dateModified\":\"2026-03-02T17:21:40+00:00\",\"mainEntityOfPage\":{\"@id\":\"https:\\\/\\\/mobilet.eu\\\/pl\\\/blog\\\/dzien-kobiet-2026-czas-na-relaks-w-miescie\\\/\"},\"wordCount\":447,\"commentCount\":0,\"image\":{\"@id\":\"https:\\\/\\\/mobilet.eu\\\/pl\\\/blog\\\/dzien-kobiet-2026-czas-na-relaks-w-miescie\\\/#primaryimage\"},\"thumbnailUrl\":\"https:\\\/\\\/mobilet.eu\\\/pl\\\/wp-content\\\/uploads\\\/sites\\\/6\\\/2026\\\/03\\\/dzien-kobiet-mobilet-2026.jpg\",\"keywords\":[\"Lifestyle\",\"Parkowanie w mie\u015bcie\",\"Promocje i konkursy\"],\"articleSection\":[\"blog\"],\"inLanguage\":\"pl-PL\",\"potentialAction\":[{\"@type\":\"CommentAction\",\"name\":\"Comment\",\"target\":[\"https:\\\/\\\/mobilet.eu\\\/pl\\\/blog\\\/dzien-kobiet-2026-czas-na-relaks-w-miescie\\\/#respond\"]}]},{\"@type\":\"WebPage\",\"@id\":\"https:\\\/\\\/mobilet.eu\\\/pl\\\/blog\\\/dzien-kobiet-2026-czas-na-relaks-w-miescie\\\/\",\"url\":\"https:\\\/\\\/mobilet.eu\\\/pl\\\/blog\\\/dzien-kobiet-2026-czas-na-relaks-w-miescie\\\/\",\"name\":\"Dzie\u0144 Kobiet 2026: Jak znale\u017a\u0107 czas na relaks w mie\u015bcie? | Blog Mobilet\",\"isPartOf\":{\"@id\":\"https:\\\/\\\/mobilet.eu\\\/pl\\\/#website\"},\"primaryImageOfPage\":{\"@id\":\"https:\\\/\\\/mobilet.eu\\\/pl\\\/blog\\\/dzien-kobiet-2026-czas-na-relaks-w-miescie\\\/#primaryimage\"},\"image\":{\"@id\":\"https:\\\/\\\/mobilet.eu\\\/pl\\\/blog\\\/dzien-kobiet-2026-czas-na-relaks-w-miescie\\\/#primaryimage\"},\"thumbnailUrl\":\"https:\\\/\\\/mobilet.eu\\\/pl\\\/wp-content\\\/uploads\\\/sites\\\/6\\\/2026\\\/03\\\/dzien-kobiet-mobilet-2026.jpg\",\"datePublished\":\"2026-03-02T16:09:56+00:00\",\"dateModified\":\"2026-03-02T17:21:40+00:00\",\"author\":{\"@id\":\"https:\\\/\\\/mobilet.eu\\\/pl\\\/#\\\/schema\\\/person\\\/f013d26121cfac6fa9ca79c66afa3ff4\"},\"description\":\"Odkryj, jak celebrowa\u0107 ma\u0142e chwile w miejskim biegu i odzyska\u0107 czas dla siebie. Sprawd\u017a nasz wyj\u0105tkowy prezent na Dzie\u0144 Kobiet na Instagramie Mobilet!\",\"breadcrumb\":{\"@id\":\"https:\\\/\\\/mobilet.eu\\\/pl\\\/blog\\\/dzien-kobiet-2026-czas-na-relaks-w-miescie\\\/#breadcrumb\"},\"inLanguage\":\"pl-PL\",\"potentialAction\":[{\"@type\":\"ReadAction\",\"target\":[\"https:\\\/\\\/mobilet.eu\\\/pl\\\/blog\\\/dzien-kobiet-2026-czas-na-relaks-w-miescie\\\/\"]}]},{\"@type\":\"ImageObject\",\"inLanguage\":\"pl-PL\",\"@id\":\"https:\\\/\\\/mobilet.eu\\\/pl\\\/blog\\\/dzien-kobiet-2026-czas-na-relaks-w-miescie\\\/#primaryimage\",\"url\":\"https:\\\/\\\/mobilet.eu\\\/pl\\\/wp-content\\\/uploads\\\/sites\\\/6\\\/2026\\\/03\\\/dzien-kobiet-mobilet-2026.jpg\",\"contentUrl\":\"https:\\\/\\\/mobilet.eu\\\/pl\\\/wp-content\\\/uploads\\\/sites\\\/6\\\/2026\\\/03\\\/dzien-kobiet-mobilet-2026.jpg\",\"width\":1920,\"height\":1047,\"caption\":\"U\u015bmiechni\u0119ta, zrelaksowana kobieta podczas profesjonalnego masa\u017cu w przytulnym Tao Tao Spa, w otoczeniu \u015bwiec i storczyk\u00f3w\"},{\"@type\":\"BreadcrumbList\",\"@id\":\"https:\\\/\\\/mobilet.eu\\\/pl\\\/blog\\\/dzien-kobiet-2026-czas-na-relaks-w-miescie\\\/#breadcrumb\",\"itemListElement\":[{\"@type\":\"ListItem\",\"position\":1,\"name\":\"Home\",\"item\":\"https:\\\/\\\/mobilet.eu\\\/pl\\\/\"},{\"@type\":\"ListItem\",\"position\":2,\"name\":\"Dzie\u0144 Kobiet zaczyna si\u0119 od\u2026 Ciebie. Jak celebrowa\u0107 ma\u0142e chwile w miejskim biegu?\"}]},{\"@type\":\"WebSite\",\"@id\":\"https:\\\/\\\/mobilet.eu\\\/pl\\\/#website\",\"url\":\"https:\\\/\\\/mobilet.eu\\\/pl\\\/\",\"name\":\"mobilet.pl\",\"description\":\"Mobilet - Mobilne p\u0142atno\u015bci za parkingi i komunikacj\u0119\",\"potentialAction\":[{\"@type\":\"SearchAction\",\"target\":{\"@type\":\"EntryPoint\",\"urlTemplate\":\"https:\\\/\\\/mobilet.eu\\\/pl\\\/?s={search_term_string}\"},\"query-input\":{\"@type\":\"PropertyValueSpecification\",\"valueRequired\":true,\"valueName\":\"search_term_string\"}}],\"inLanguage\":\"pl-PL\"},{\"@type\":\"Person\",\"@id\":\"https:\\\/\\\/mobilet.eu\\\/pl\\\/#\\\/schema\\\/person\\\/f013d26121cfac6fa9ca79c66afa3ff4\",\"name\":\"piotrsobkowiak\",\"image\":{\"@type\":\"ImageObject\",\"inLanguage\":\"pl-PL\",\"@id\":\"https:\\\/\\\/secure.gravatar.com\\\/avatar\\\/1ec244a9fe84d133439f48d80f981c9d33b225b6c671437108aba2ecc73f2164?s=96&d=mm&r=g\",\"url\":\"https:\\\/\\\/secure.gravatar.com\\\/avatar\\\/1ec244a9fe84d133439f48d80f981c9d33b225b6c671437108aba2ecc73f2164?s=96&d=mm&r=g\",\"contentUrl\":\"https:\\\/\\\/secure.gravatar.com\\\/avatar\\\/1ec244a9fe84d133439f48d80f981c9d33b225b6c671437108aba2ecc73f2164?s=96&d=mm&r=g\",\"caption\":\"piotrsobkowiak\"},\"url\":\"https:\\\/\\\/mobilet.eu\\\/pl\\\/author\\\/piotrsobkowiak\\\/\"}]}<\/script>\n<!-- \/ Yoast SEO plugin. -->","yoast_head_json":{"title":"Dzie\u0144 Kobiet 2026: Jak znale\u017a\u0107 czas na relaks w mie\u015bcie? | Blog Mobilet","description":"Odkryj, jak celebrowa\u0107 ma\u0142e chwile w miejskim biegu i odzyska\u0107 czas dla siebie. Sprawd\u017a nasz wyj\u0105tkowy prezent na Dzie\u0144 Kobiet na Instagramie Mobilet!","robots":{"index":"index","follow":"follow","max-snippet":"max-snippet:-1","max-image-preview":"max-image-preview:large","max-video-preview":"max-video-preview:-1"},"canonical":"https:\/\/mobilet.eu\/pl\/blog\/dzien-kobiet-2026-czas-na-relaks-w-miescie\/","og_locale":"pl_PL","og_type":"article","og_title":"Dzie\u0144 Kobiet 2026: Jak znale\u017a\u0107 czas na relaks w mie\u015bcie? | Blog Mobilet","og_description":"Odkryj, jak celebrowa\u0107 ma\u0142e chwile w miejskim biegu i odzyska\u0107 czas dla siebie. Sprawd\u017a nasz wyj\u0105tkowy prezent na Dzie\u0144 Kobiet na Instagramie Mobilet!","og_url":"https:\/\/mobilet.eu\/pl\/blog\/dzien-kobiet-2026-czas-na-relaks-w-miescie\/","og_site_name":"mobilet.pl","article_published_time":"2026-03-02T16:09:56+00:00","article_modified_time":"2026-03-02T17:21:40+00:00","og_image":[{"width":1920,"height":1047,"url":"https:\/\/mobilet.eu\/pl\/wp-content\/uploads\/sites\/6\/2026\/03\/dzien-kobiet-mobilet-2026.jpg","type":"image\/jpeg"}],"author":"piotrsobkowiak","twitter_card":"summary_large_image","twitter_misc":{"Napisane przez":"piotrsobkowiak","Szacowany czas czytania":"3 minuty"},"schema":{"@context":"https:\/\/schema.org","@graph":[{"@type":"Article","@id":"https:\/\/mobilet.eu\/pl\/blog\/dzien-kobiet-2026-czas-na-relaks-w-miescie\/#article","isPartOf":{"@id":"https:\/\/mobilet.eu\/pl\/blog\/dzien-kobiet-2026-czas-na-relaks-w-miescie\/"},"author":{"name":"piotrsobkowiak","@id":"https:\/\/mobilet.eu\/pl\/#\/schema\/person\/f013d26121cfac6fa9ca79c66afa3ff4"},"headline":"Dzie\u0144 Kobiet zaczyna si\u0119 od\u2026 Ciebie. Jak celebrowa\u0107 ma\u0142e chwile w miejskim biegu?","datePublished":"2026-03-02T16:09:56+00:00","dateModified":"2026-03-02T17:21:40+00:00","mainEntityOfPage":{"@id":"https:\/\/mobilet.eu\/pl\/blog\/dzien-kobiet-2026-czas-na-relaks-w-miescie\/"},"wordCount":447,"commentCount":0,"image":{"@id":"https:\/\/mobilet.eu\/pl\/blog\/dzien-kobiet-2026-czas-na-relaks-w-miescie\/#primaryimage"},"thumbnailUrl":"https:\/\/mobilet.eu\/pl\/wp-content\/uploads\/sites\/6\/2026\/03\/dzien-kobiet-mobilet-2026.jpg","keywords":["Lifestyle","Parkowanie w mie\u015bcie","Promocje i konkursy"],"articleSection":["blog"],"inLanguage":"pl-PL","potentialAction":[{"@type":"CommentAction","name":"Comment","target":["https:\/\/mobilet.eu\/pl\/blog\/dzien-kobiet-2026-czas-na-relaks-w-miescie\/#respond"]}]},{"@type":"WebPage","@id":"https:\/\/mobilet.eu\/pl\/blog\/dzien-kobiet-2026-czas-na-relaks-w-miescie\/","url":"https:\/\/mobilet.eu\/pl\/blog\/dzien-kobiet-2026-czas-na-relaks-w-miescie\/","name":"Dzie\u0144 Kobiet 2026: Jak znale\u017a\u0107 czas na relaks w mie\u015bcie? | Blog Mobilet","isPartOf":{"@id":"https:\/\/mobilet.eu\/pl\/#website"},"primaryImageOfPage":{"@id":"https:\/\/mobilet.eu\/pl\/blog\/dzien-kobiet-2026-czas-na-relaks-w-miescie\/#primaryimage"},"image":{"@id":"https:\/\/mobilet.eu\/pl\/blog\/dzien-kobiet-2026-czas-na-relaks-w-miescie\/#primaryimage"},"thumbnailUrl":"https:\/\/mobilet.eu\/pl\/wp-content\/uploads\/sites\/6\/2026\/03\/dzien-kobiet-mobilet-2026.jpg","datePublished":"2026-03-02T16:09:56+00:00","dateModified":"2026-03-02T17:21:40+00:00","author":{"@id":"https:\/\/mobilet.eu\/pl\/#\/schema\/person\/f013d26121cfac6fa9ca79c66afa3ff4"},"description":"Odkryj, jak celebrowa\u0107 ma\u0142e chwile w miejskim biegu i odzyska\u0107 czas dla siebie. Sprawd\u017a nasz wyj\u0105tkowy prezent na Dzie\u0144 Kobiet na Instagramie Mobilet!","breadcrumb":{"@id":"https:\/\/mobilet.eu\/pl\/blog\/dzien-kobiet-2026-czas-na-relaks-w-miescie\/#breadcrumb"},"inLanguage":"pl-PL","potentialAction":[{"@type":"ReadAction","target":["https:\/\/mobilet.eu\/pl\/blog\/dzien-kobiet-2026-czas-na-relaks-w-miescie\/"]}]},{"@type":"ImageObject","inLanguage":"pl-PL","@id":"https:\/\/mobilet.eu\/pl\/blog\/dzien-kobiet-2026-czas-na-relaks-w-miescie\/#primaryimage","url":"https:\/\/mobilet.eu\/pl\/wp-content\/uploads\/sites\/6\/2026\/03\/dzien-kobiet-mobilet-2026.jpg","contentUrl":"https:\/\/mobilet.eu\/pl\/wp-content\/uploads\/sites\/6\/2026\/03\/dzien-kobiet-mobilet-2026.jpg","width":1920,"height":1047,"caption":"U\u015bmiechni\u0119ta, zrelaksowana kobieta podczas profesjonalnego masa\u017cu w przytulnym Tao Tao Spa, w otoczeniu \u015bwiec i storczyk\u00f3w"},{"@type":"BreadcrumbList","@id":"https:\/\/mobilet.eu\/pl\/blog\/dzien-kobiet-2026-czas-na-relaks-w-miescie\/#breadcrumb","itemListElement":[{"@type":"ListItem","position":1,"name":"Home","item":"https:\/\/mobilet.eu\/pl\/"},{"@type":"ListItem","position":2,"name":"Dzie\u0144 Kobiet zaczyna si\u0119 od\u2026 Ciebie. Jak celebrowa\u0107 ma\u0142e chwile w miejskim biegu?"}]},{"@type":"WebSite","@id":"https:\/\/mobilet.eu\/pl\/#website","url":"https:\/\/mobilet.eu\/pl\/","name":"mobilet.pl","description":"Mobilet - Mobilne p\u0142atno\u015bci za parkingi i komunikacj\u0119","potentialAction":[{"@type":"SearchAction","target":{"@type":"EntryPoint","urlTemplate":"https:\/\/mobilet.eu\/pl\/?s={search_term_string}"},"query-input":{"@type":"PropertyValueSpecification","valueRequired":true,"valueName":"search_term_string"}}],"inLanguage":"pl-PL"},{"@type":"Person","@id":"https:\/\/mobilet.eu\/pl\/#\/schema\/person\/f013d26121cfac6fa9ca79c66afa3ff4","name":"piotrsobkowiak","image":{"@type":"ImageObject","inLanguage":"pl-PL","@id":"https:\/\/secure.gravatar.com\/avatar\/1ec244a9fe84d133439f48d80f981c9d33b225b6c671437108aba2ecc73f2164?s=96&d=mm&r=g","url":"https:\/\/secure.gravatar.com\/avatar\/1ec244a9fe84d133439f48d80f981c9d33b225b6c671437108aba2ecc73f2164?s=96&d=mm&r=g","contentUrl":"https:\/\/secure.gravatar.com\/avatar\/1ec244a9fe84d133439f48d80f981c9d33b225b6c671437108aba2ecc73f2164?s=96&d=mm&r=g","caption":"piotrsobkowiak"},"url":"https:\/\/mobilet.eu\/pl\/author\/piotrsobkowiak\/"}]}},"_links":{"self":[{"href":"https:\/\/mobilet.eu\/pl\/wp-json\/wp\/v2\/posts\/58671","targetHints":{"allow":["GET"]}}],"collection":[{"href":"https:\/\/mobilet.eu\/pl\/wp-json\/wp\/v2\/posts"}],"about":[{"href":"https:\/\/mobilet.eu\/pl\/wp-json\/wp\/v2\/types\/post"}],"author":[{"embeddable":true,"href":"https:\/\/mobilet.eu\/pl\/wp-json\/wp\/v2\/users\/2"}],"replies":[{"embeddable":true,"href":"https:\/\/mobilet.eu\/pl\/wp-json\/wp\/v2\/comments?post=58671"}],"version-history":[{"count":3,"href":"https:\/\/mobilet.eu\/pl\/wp-json\/wp\/v2\/posts\/58671\/revisions"}],"predecessor-version":[{"id":58683,"href":"https:\/\/mobilet.eu\/pl\/wp-json\/wp\/v2\/posts\/58671\/revisions\/58683"}],"wp:featuredmedia":[{"embeddable":true,"href":"https:\/\/mobilet.eu\/pl\/wp-json\/wp\/v2\/media\/58674"}],"wp:attachment":[{"href":"https:\/\/mobilet.eu\/pl\/wp-json\/wp\/v2\/media?parent=58671"}],"wp:term":[{"taxonomy":"category","embeddable":true,"href":"https:\/\/mobilet.eu\/pl\/wp-json\/wp\/v2\/categories?post=58671"},{"taxonomy":"post_tag","embeddable":true,"href":"https:\/\/mobilet.eu\/pl\/wp-json\/wp\/v2\/tags?post=58671"}],"curies":[{"name":"wp","href":"https:\/\/api.w.org\/{rel}","templated":true}]}}